{"id":1015,"date":"2021-02-27T23:16:40","date_gmt":"2021-02-27T23:16:40","guid":{"rendered":"http:\/\/oberharzer-schuetzenbund.de\/?p=1015"},"modified":"2021-08-11T16:46:28","modified_gmt":"2021-08-11T16:46:28","slug":"einfach-mal-so","status":"publish","type":"post","link":"https:\/\/oberharzer-schuetzenbund.de\/?p=1015","title":{"rendered":"Einfach mal so"},"content":{"rendered":"\n<p>Nach all den negativen Nachrichten der letzten Zeit wollen wir einfach mal eine kleine Slideschow einiger sch\u00f6ner Momente in Erinnerung bringen. Da wir seit gut einem Jahr eine so schwere Zeit durchleben und dies akzeptieren m\u00fcssen, w\u00fcnsche ich im Namen unseres Kreisverbandes allen Mitgliedern, Freunden und G\u00e4sten weiterhin alles Gute und vor allem, dass wir uns hoffentlich bald gesund wiedersehen. Freuen wir uns darauf, dass wir in naher Zukunft vieleicht \u00e4hnliche Erlebnisse geniessen k\u00f6nnen.  <\/p>\n\n\n\n<p class=\"has-small-font-size\">Wer m\u00f6chte, kann sich die Bilder nach einem Klick darauf vergr\u00f6\u00dfert anschauen. Um die Automatik nur kurz zu unterbrechen, fahrt einfach f\u00fcr einen Augenblick mit dem Mauszeiger (ohne Klick) auf das Bild. <\/p>\n\n\n\nngg_shortcode_0_placeholder\n\n\n\n<p class=\"has-text-color\" style=\"color:#158a5f;font-size:15px\"><strong>Unser Kreisverband wird im n\u00e4chsten Jahr 100 Jahre alt und wir m\u00fcssten demn\u00e4chst mit den Planungen f\u00fcr eine entsprechende Feier dieses Jubil\u00e4ums beginnen. Auf Grund der ungewissen Zukunft werden wir dies noch etwas verschieben und notfalls zu einem sp\u00e4teren Zeitpunkt forciert an die eventuell m\u00f6glichen Vorbereitungen gehen.<\/strong><\/p>\n\n\n<p><!--EndFragment--><\/p>","protected":false},"excerpt":{"rendered":"<p>Nach all den negativen Nachrichten der letzten Zeit wollen wir einfach mal eine kleine Slideschow einiger sch\u00f6ner Momente in Erinnerung bringen. Da wir seit gut einem Jahr eine so schwere Zeit durchleben und dies akzeptieren m\u00fcssen, w\u00fcnsche ich im Namen unseres Kreisverbandes allen Mitgliedern, Freunden und G\u00e4sten weiterhin alles Gute und vor allem, dass wir &hellip; <a href=\"https:\/\/oberharzer-schuetzenbund.de\/?p=1015\" class=\"more-link\"><span class=\"screen-reader-text\">\u201eEinfach mal so\u201c <\/span>weiterlesen<\/a><\/p>\n","protected":false},"author":1,"featured_media":0,"comment_status":"open","ping_status":"open","sticky":false,"template":"","format":"standard","meta":{"ngg_post_thumbnail":0,"footnotes":""},"categories":[1],"tags":[],"class_list":["post-1015","post","type-post","status-publish","format-standard","hentry","category-uncategorized"],"_links":{"self":[{"href":"https:\/\/oberharzer-schuetzenbund.de\/index.php?rest_route=\/wp\/v2\/posts\/1015","targetHints":{"allow":["GET"]}}],"collection":[{"href":"https:\/\/oberharzer-schuetzenbund.de\/index.php?rest_route=\/wp\/v2\/posts"}],"about":[{"href":"https:\/\/oberharzer-schuetzenbund.de\/index.php?rest_route=\/wp\/v2\/types\/post"}],"author":[{"embeddable":true,"href":"https:\/\/oberharzer-schuetzenbund.de\/index.php?rest_route=\/wp\/v2\/users\/1"}],"replies":[{"embeddable":true,"href":"https:\/\/oberharzer-schuetzenbund.de\/index.php?rest_route=%2Fwp%2Fv2%2Fcomments&post=1015"}],"version-history":[{"count":5,"href":"https:\/\/oberharzer-schuetzenbund.de\/index.php?rest_route=\/wp\/v2\/posts\/1015\/revisions"}],"predecessor-version":[{"id":1149,"href":"https:\/\/oberharzer-schuetzenbund.de\/index.php?rest_route=\/wp\/v2\/posts\/1015\/revisions\/1149"}],"wp:attachment":[{"href":"https:\/\/oberharzer-schuetzenbund.de\/index.php?rest_route=%2Fwp%2Fv2%2Fmedia&parent=1015"}],"wp:term":[{"taxonomy":"category","embeddable":true,"href":"https:\/\/oberharzer-schuetzenbund.de\/index.php?rest_route=%2Fwp%2Fv2%2Fcategories&post=1015"},{"taxonomy":"post_tag","embeddable":true,"href":"https:\/\/oberharzer-schuetzenbund.de\/index.php?rest_route=%2Fwp%2Fv2%2Ftags&post=1015"}],"curies":[{"name":"wp","href":"https:\/\/api.w.org\/{rel}","templated":true}]}}