{"id":891,"date":"2020-03-13T16:47:12","date_gmt":"2020-03-13T16:47:12","guid":{"rendered":"http:\/\/oberharzer-schuetzenbund.de\/?p=891"},"modified":"2020-03-14T14:48:43","modified_gmt":"2020-03-14T14:48:43","slug":"delegiertenversammlung","status":"publish","type":"post","link":"https:\/\/oberharzer-schuetzenbund.de\/?p=891","title":{"rendered":"Delegiertenversammlung abgesagt"},"content":{"rendered":"\n<p class=\"has-text-color has-background has-medium-font-size has-vivid-red-color has-very-light-gray-background-color\">Auf Grund der derzeitigen Lage sind wir gezwungen die Delegiertenversammlung am 14.3.2020 abzusagen und auf einen sp\u00e4teren Zeitpunkt zu verlegen.                                                  Einen neuen Termin k\u00f6nnen wir erst nach R\u00fccksprache mit dem Gesamtvorstand bekannt geben. Bis dahin bitten wir von Anfragen abzusehen.<\/p>\n\n\n\n<p><\/p>\n","protected":false},"excerpt":{"rendered":"<p>Auf Grund der derzeitigen Lage sind wir gezwungen die Delegiertenversammlung am 14.3.2020 abzusagen und auf einen sp\u00e4teren Zeitpunkt zu verlegen. Einen neuen Termin k\u00f6nnen wir erst nach R\u00fccksprache mit dem Gesamtvorstand bekannt geben. Bis dahin bitten wir von Anfragen abzusehen.<\/p>\n","protected":false},"author":1,"featured_media":0,"comment_status":"open","ping_status":"open","sticky":false,"template":"","format":"standard","meta":{"ngg_post_thumbnail":0,"footnotes":""},"categories":[1],"tags":[],"class_list":["post-891","post","type-post","status-publish","format-standard","hentry","category-uncategorized"],"_links":{"self":[{"href":"https:\/\/oberharzer-schuetzenbund.de\/index.php?rest_route=\/wp\/v2\/posts\/891","targetHints":{"allow":["GET"]}}],"collection":[{"href":"https:\/\/oberharzer-schuetzenbund.de\/index.php?rest_route=\/wp\/v2\/posts"}],"about":[{"href":"https:\/\/oberharzer-schuetzenbund.de\/index.php?rest_route=\/wp\/v2\/types\/post"}],"author":[{"embeddable":true,"href":"https:\/\/oberharzer-schuetzenbund.de\/index.php?rest_route=\/wp\/v2\/users\/1"}],"replies":[{"embeddable":true,"href":"https:\/\/oberharzer-schuetzenbund.de\/index.php?rest_route=%2Fwp%2Fv2%2Fcomments&post=891"}],"version-history":[{"count":2,"href":"https:\/\/oberharzer-schuetzenbund.de\/index.php?rest_route=\/wp\/v2\/posts\/891\/revisions"}],"predecessor-version":[{"id":905,"href":"https:\/\/oberharzer-schuetzenbund.de\/index.php?rest_route=\/wp\/v2\/posts\/891\/revisions\/905"}],"wp:attachment":[{"href":"https:\/\/oberharzer-schuetzenbund.de\/index.php?rest_route=%2Fwp%2Fv2%2Fmedia&parent=891"}],"wp:term":[{"taxonomy":"category","embeddable":true,"href":"https:\/\/oberharzer-schuetzenbund.de\/index.php?rest_route=%2Fwp%2Fv2%2Fcategories&post=891"},{"taxonomy":"post_tag","embeddable":true,"href":"https:\/\/oberharzer-schuetzenbund.de\/index.php?rest_route=%2Fwp%2Fv2%2Ftags&post=891"}],"curies":[{"name":"wp","href":"https:\/\/api.w.org\/{rel}","templated":true}]}}