{"id":929,"date":"2020-04-21T07:54:25","date_gmt":"2020-04-21T07:54:25","guid":{"rendered":"http:\/\/oberharzer-schuetzenbund.de\/?p=929"},"modified":"2020-04-21T07:59:51","modified_gmt":"2020-04-21T07:59:51","slug":"corona-laesst-uns-keine-chance","status":"publish","type":"post","link":"https:\/\/oberharzer-schuetzenbund.de\/?p=929","title":{"rendered":"Corona l\u00e4\u00dft uns keine Chance"},"content":{"rendered":"\n<p>Es ist langsam m\u00fc\u00dfig und \u00e4rgerlich, immer wieder Absagen zu ver\u00f6ffentlichen. Aber wir sind gezwungen uns im Interesse unserer Gesundheit zu f\u00fcgen und das Beste daraus machen.<\/p>\n\n\n\n<p class=\"has-text-color has-very-dark-gray-color\">Der NSSV gibt bekannt , da\u00df alle <strong>Landesmeisterschaften 2020<\/strong> &#8211; vorerst mit Ausnahme der im Lichtpunktschie\u00dfen &#8211; sowie der <strong>Rundenfernwettkampf KK-Auflage<\/strong> ausfallen.  Der diesj\u00e4hrige <strong>Landessch\u00fctzentag<\/strong> wird verlegt auf den <strong>24.4<\/strong>.<strong>2021<\/strong> und wird wiederum in Munster stattfinden.<\/p>\n\n\n\n<p>Im Oberharzer Sch\u00fctzenbund f\u00e4llt ebenfalls der <strong>Rundenwettkampf KK-Auflage 50 m<\/strong> in diesem Jahr aus. Die <strong>Kreismeisterschaft Sch\u00fcler LG-Auflage<\/strong> muss vorerst abgesagt werden, ein sp\u00e4terer Termin wird jedoch nicht ausgeschlossen.<\/p>\n\n\n\n<p style=\"color:#0f6f20\" class=\"has-text-color\">Wir w\u00fcnschen allen Sch\u00fctzen und Freunden des Schie\u00dfsports alles Gute und auf jeden Fall beste Gesundheit. <\/p>\n\n\n\n<p><\/p>\n","protected":false},"excerpt":{"rendered":"<p>Es ist langsam m\u00fc\u00dfig und \u00e4rgerlich, immer wieder Absagen zu ver\u00f6ffentlichen. Aber wir sind gezwungen uns im Interesse unserer Gesundheit zu f\u00fcgen und das Beste daraus machen. Der NSSV gibt bekannt , da\u00df alle Landesmeisterschaften 2020 &#8211; vorerst mit Ausnahme der im Lichtpunktschie\u00dfen &#8211; sowie der Rundenfernwettkampf KK-Auflage ausfallen. Der diesj\u00e4hrige Landessch\u00fctzentag wird verlegt auf &hellip; <a href=\"https:\/\/oberharzer-schuetzenbund.de\/?p=929\" class=\"more-link\"><span class=\"screen-reader-text\">\u201eCorona l\u00e4\u00dft uns keine Chance\u201c <\/span>weiterlesen<\/a><\/p>\n","protected":false},"author":1,"featured_media":0,"comment_status":"open","ping_status":"open","sticky":false,"template":"","format":"standard","meta":{"ngg_post_thumbnail":0,"footnotes":""},"categories":[1],"tags":[],"class_list":["post-929","post","type-post","status-publish","format-standard","hentry","category-uncategorized"],"_links":{"self":[{"href":"https:\/\/oberharzer-schuetzenbund.de\/index.php?rest_route=\/wp\/v2\/posts\/929","targetHints":{"allow":["GET"]}}],"collection":[{"href":"https:\/\/oberharzer-schuetzenbund.de\/index.php?rest_route=\/wp\/v2\/posts"}],"about":[{"href":"https:\/\/oberharzer-schuetzenbund.de\/index.php?rest_route=\/wp\/v2\/types\/post"}],"author":[{"embeddable":true,"href":"https:\/\/oberharzer-schuetzenbund.de\/index.php?rest_route=\/wp\/v2\/users\/1"}],"replies":[{"embeddable":true,"href":"https:\/\/oberharzer-schuetzenbund.de\/index.php?rest_route=%2Fwp%2Fv2%2Fcomments&post=929"}],"version-history":[{"count":2,"href":"https:\/\/oberharzer-schuetzenbund.de\/index.php?rest_route=\/wp\/v2\/posts\/929\/revisions"}],"predecessor-version":[{"id":932,"href":"https:\/\/oberharzer-schuetzenbund.de\/index.php?rest_route=\/wp\/v2\/posts\/929\/revisions\/932"}],"wp:attachment":[{"href":"https:\/\/oberharzer-schuetzenbund.de\/index.php?rest_route=%2Fwp%2Fv2%2Fmedia&parent=929"}],"wp:term":[{"taxonomy":"category","embeddable":true,"href":"https:\/\/oberharzer-schuetzenbund.de\/index.php?rest_route=%2Fwp%2Fv2%2Fcategories&post=929"},{"taxonomy":"post_tag","embeddable":true,"href":"https:\/\/oberharzer-schuetzenbund.de\/index.php?rest_route=%2Fwp%2Fv2%2Ftags&post=929"}],"curies":[{"name":"wp","href":"https:\/\/api.w.org\/{rel}","templated":true}]}}